{"id":8780,"date":"2025-08-25T14:50:25","date_gmt":"2025-08-25T14:50:25","guid":{"rendered":"https:\/\/montrealdanse.com\/actualites-dcv\/offre-emploi-coordination-dcv\/"},"modified":"2025-09-22T16:10:05","modified_gmt":"2025-09-22T16:10:05","slug":"job-offer-dcv-coordinator","status":"publish","type":"actualites-dcv","link":"https:\/\/montrealdanse.com\/en\/actualites-dcv\/job-offer-dcv-coordinator\/","title":{"rendered":"Job offer |  Dance against violence coordinator"},"content":{"rendered":"<p>Dance against violence works to promote the well-being of women and their children who are victims of various types of violence. Through movement workshops in shelters and women&#8217;s centers, DCV helps them reclaim their bodies, regain confidence, and break out of isolation, while fostering family ties where necessary.<\/p>\n<p>Working with the administrative and development department of Montr\u00e9al Danse and in direct contact with the dancer-facilitators and shelters, the Dance Against Violence Coordinator will be responsible for multiple tasks related to workshop coordination, development, and fundraising.<\/p>\n<h4><\/h4>\n<h4><b>Job description<\/b><\/h4>\n<h6><\/h6>\n<h6><b>Logistics<\/b><b>\/administration<\/b><\/h6>\n<ul>\n<li aria-level=\"1\">Liaising and communicating with partner organizations (shelters and women&#8217;s centers) and dancer-facilitators;<\/li>\n<li aria-level=\"1\">Producing and maintaining the workshop schedule;<\/li>\n<li aria-level=\"1\">Tracking invoices;<\/li>\n<li aria-level=\"1\">Monitoring the budget.<\/li>\n<\/ul>\n<h6><b>Development\u00a0<\/b><\/h6>\n<ul>\n<li aria-level=\"1\">Collaborating with the artistic director to define and develop the long-term vision for the project;<\/li>\n<li aria-level=\"1\">Work with the dancer-facilitators to develop new workshops;<\/li>\n<li aria-level=\"1\">Organize refresher training for the dancer-facilitators;<\/li>\n<li aria-level=\"1\">Maintain, cultivate, and strengthen existing relationships with current partners (shelters, community centers, local organizations, etc.);<\/li>\n<li aria-level=\"1\">Develop new partnerships, including:\n<ul>\n<li aria-level=\"2\">Other community or cultural organizations;<\/li>\n<li aria-level=\"2\">Academic institutions (CEGEPs, universities, research centers);<\/li>\n<li aria-level=\"2\">Actors in the arts or health sectors.<\/li>\n<\/ul>\n<\/li>\n<li aria-level=\"1\">Work in collaboration with Montr\u00e9al Danse&#8217;s communications coordinator to increase the visibility of the organization and its activities through an increased presence in relevant networks.<\/li>\n<\/ul>\n<p><b>Fundraising<\/b><\/p>\n<ul>\n<li aria-level=\"1\">Philanthropic fundraising and fundraising campaigns;<\/li>\n<li aria-level=\"1\">Grant research and writing.<\/li>\n<li aria-level=\"1\">Desired start date: end of September.<\/li>\n<\/ul>\n<p><b>Required qualities<\/b><\/p>\n<ul>\n<li aria-level=\"1\">Excellent organizational skills;<\/li>\n<li aria-level=\"1\">Fluent in both spoken and written French, very good knowledge of English;<\/li>\n<li aria-level=\"1\">Excellent writing skills in French;<\/li>\n<li aria-level=\"1\">Ability to work with a small team;<\/li>\n<li aria-level=\"1\">Autonomy, strong organizational skills, initiative, and versatility;<\/li>\n<li aria-level=\"1\">Good listening skills and sensitivity.<\/li>\n<\/ul>\n<p><b>Assets<\/b><\/p>\n<ul>\n<li aria-level=\"1\">Experience\/knowledge of contemporary dance;<\/li>\n<li aria-level=\"1\">A minimum of two years of experience in helping relationships and\/or in environments that support women and\/or people in vulnerable situations.<\/li>\n<\/ul>\n<p><b>Type of employment<\/b><\/p>\n<ul>\n<li aria-level=\"1\">Desired start date <b>between September 22 and October 13 at the latest<\/b><\/li>\n<li aria-level=\"1\">Permanent position.\u00a0<b>Part-time:<\/b>\u00a0 20 hours\/week<\/li>\n<li aria-level=\"1\">Office in downtown Montreal<\/li>\n<li aria-level=\"1\">Salary between $22.50 and $25 per hour + benefits<\/li>\n<\/ul>\n<p><b>How to apply:<\/b><\/p>\n<p>Send your cover letter and resume to Juliette Bertoldo: dcv@montrealdanse.com<\/p>\n<p>Only candidates selected for an interview will be contacted.<\/p>\n","protected":false},"excerpt":{"rendered":"<p>Dance against violence works to promote the well-being of women and their children who are victims of various types of violence. Through movement workshops in shelters and women&#8217;s centers, DCV helps them reclaim their bodies, regain confidence, and break out of isolation, while fostering family ties where necessary. Working with the administrative and development department [&hellip;]<\/p>\n","protected":false},"author":2,"featured_media":5450,"template":"","meta":{"_acf_changed":false,"site-sidebar-layout":"default","site-content-layout":"","ast-site-content-layout":"default","site-content-style":"default","site-sidebar-style":"default","ast-global-header-display":"","ast-banner-title-visibility":"","ast-main-header-display":"","ast-hfb-above-header-display":"","ast-hfb-below-header-display":"","ast-hfb-mobile-header-display":"","site-post-title":"","ast-breadcrumbs-content":"","ast-featured-img":"","footer-sml-layout":"","ast-disable-related-posts":"","theme-transparent-header-meta":"default","adv-header-id-meta":"","stick-header-meta":"","header-above-stick-meta":"","header-main-stick-meta":"","header-below-stick-meta":"","astra-migrate-meta-layouts":"set","ast-page-background-enabled":"default","ast-page-background-meta":{"desktop":{"background-color":"","background-image":"","background-repeat":"repeat","background-position":"center center","background-size":"auto","background-attachment":"scroll","background-type":"","background-media":"","overlay-type":"","overlay-color":"","overlay-opacity":"","overlay-gradient":""},"tablet":{"background-color":"","background-image":"","background-repeat":"repeat","background-position":"center center","background-size":"auto","background-attachment":"scroll","background-type":"","background-media":"","overlay-type":"","overlay-color":"","overlay-opacity":"","overlay-gradient":""},"mobile":{"background-color":"","background-image":"","background-repeat":"repeat","background-position":"center center","background-size":"auto","background-attachment":"scroll","background-type":"","background-media":"","overlay-type":"","overlay-color":"","overlay-opacity":"","overlay-gradient":""}},"ast-content-background-meta":{"desktop":{"background-color":"var(--ast-global-color-5)","background-image":"","background-repeat":"repeat","background-position":"center center","background-size":"auto","background-attachment":"scroll","background-type":"","background-media":"","overlay-type":"","overlay-color":"","overlay-opacity":"","overlay-gradient":""},"tablet":{"background-color":"var(--ast-global-color-5)","background-image":"","background-repeat":"repeat","background-position":"center center","background-size":"auto","background-attachment":"scroll","background-type":"","background-media":"","overlay-type":"","overlay-color":"","overlay-opacity":"","overlay-gradient":""},"mobile":{"background-color":"var(--ast-global-color-5)","background-image":"","background-repeat":"repeat","background-position":"center center","background-size":"auto","background-attachment":"scroll","background-type":"","background-media":"","overlay-type":"","overlay-color":"","overlay-opacity":"","overlay-gradient":""}},"footnotes":""},"class_list":["post-8780","actualites-dcv","type-actualites-dcv","status-publish","has-post-thumbnail","hentry"],"acf":[],"yoast_head":"<!-- This site is optimized with the Yoast SEO plugin v27.5 - https:\/\/yoast.com\/product\/yoast-seo-wordpress\/ -->\n<title>Job offer | Dance against violence coordinator - Montr\u00e9al Danse<\/title>\n<meta name=\"robots\" content=\"index, follow, max-snippet:-1, max-image-preview:large, max-video-preview:-1\" \/>\n<link rel=\"canonical\" href=\"https:\/\/montrealdanse.com\/en\/actualites-dcv\/job-offer-dcv-coordinator\/\" \/>\n<meta property=\"og:locale\" content=\"en_US\" \/>\n<meta property=\"og:type\" content=\"article\" \/>\n<meta property=\"og:title\" content=\"Job offer | Dance against violence coordinator - Montr\u00e9al Danse\" \/>\n<meta property=\"og:description\" content=\"Dance against violence works to promote the well-being of women and their children who are victims of various types of violence. Through movement workshops in shelters and women&#8217;s centers, DCV helps them reclaim their bodies, regain confidence, and break out of isolation, while fostering family ties where necessary. Working with the administrative and development department [&hellip;]\" \/>\n<meta property=\"og:url\" content=\"https:\/\/montrealdanse.com\/en\/actualites-dcv\/job-offer-dcv-coordinator\/\" \/>\n<meta property=\"og:site_name\" content=\"Montr\u00e9al Danse\" \/>\n<meta property=\"article:publisher\" content=\"https:\/\/www.facebook.com\/montrealdanse\/\" \/>\n<meta property=\"article:modified_time\" content=\"2025-09-22T16:10:05+00:00\" \/>\n<meta property=\"og:image\" content=\"https:\/\/montrealdanse.com\/wp-content\/uploads\/2023\/09\/Site-web-OFFRE-DEMPLOI-DCV-1200-\u00d7-800-px.png\" \/>\n\t<meta property=\"og:image:width\" content=\"1200\" \/>\n\t<meta property=\"og:image:height\" content=\"800\" \/>\n\t<meta property=\"og:image:type\" content=\"image\/png\" \/>\n<meta name=\"twitter:card\" content=\"summary_large_image\" \/>\n<meta name=\"twitter:label1\" content=\"Est. reading time\" \/>\n\t<meta name=\"twitter:data1\" content=\"2 minutes\" \/>\n<script type=\"application\/ld+json\" class=\"yoast-schema-graph\">{\"@context\":\"https:\\\/\\\/schema.org\",\"@graph\":[{\"@type\":\"WebPage\",\"@id\":\"https:\\\/\\\/montrealdanse.com\\\/en\\\/actualites-dcv\\\/job-offer-dcv-coordinator\\\/\",\"url\":\"https:\\\/\\\/montrealdanse.com\\\/en\\\/actualites-dcv\\\/job-offer-dcv-coordinator\\\/\",\"name\":\"Job offer | Dance against violence coordinator - Montr\u00e9al Danse\",\"isPartOf\":{\"@id\":\"https:\\\/\\\/montrealdanse.com\\\/#website\"},\"primaryImageOfPage\":{\"@id\":\"https:\\\/\\\/montrealdanse.com\\\/en\\\/actualites-dcv\\\/job-offer-dcv-coordinator\\\/#primaryimage\"},\"image\":{\"@id\":\"https:\\\/\\\/montrealdanse.com\\\/en\\\/actualites-dcv\\\/job-offer-dcv-coordinator\\\/#primaryimage\"},\"thumbnailUrl\":\"https:\\\/\\\/montrealdanse.com\\\/wp-content\\\/uploads\\\/2023\\\/09\\\/Site-web-OFFRE-DEMPLOI-DCV-1200-\u00d7-800-px.png\",\"datePublished\":\"2025-08-25T14:50:25+00:00\",\"dateModified\":\"2025-09-22T16:10:05+00:00\",\"breadcrumb\":{\"@id\":\"https:\\\/\\\/montrealdanse.com\\\/en\\\/actualites-dcv\\\/job-offer-dcv-coordinator\\\/#breadcrumb\"},\"inLanguage\":\"en-US\",\"potentialAction\":[{\"@type\":\"ReadAction\",\"target\":[\"https:\\\/\\\/montrealdanse.com\\\/en\\\/actualites-dcv\\\/job-offer-dcv-coordinator\\\/\"]}]},{\"@type\":\"ImageObject\",\"inLanguage\":\"en-US\",\"@id\":\"https:\\\/\\\/montrealdanse.com\\\/en\\\/actualites-dcv\\\/job-offer-dcv-coordinator\\\/#primaryimage\",\"url\":\"https:\\\/\\\/montrealdanse.com\\\/wp-content\\\/uploads\\\/2023\\\/09\\\/Site-web-OFFRE-DEMPLOI-DCV-1200-\u00d7-800-px.png\",\"contentUrl\":\"https:\\\/\\\/montrealdanse.com\\\/wp-content\\\/uploads\\\/2023\\\/09\\\/Site-web-OFFRE-DEMPLOI-DCV-1200-\u00d7-800-px.png\",\"width\":1200,\"height\":800},{\"@type\":\"BreadcrumbList\",\"@id\":\"https:\\\/\\\/montrealdanse.com\\\/en\\\/actualites-dcv\\\/job-offer-dcv-coordinator\\\/#breadcrumb\",\"itemListElement\":[{\"@type\":\"ListItem\",\"position\":1,\"name\":\"Accueil\",\"item\":\"https:\\\/\\\/montrealdanse.com\\\/en\\\/\"},{\"@type\":\"ListItem\",\"position\":2,\"name\":\"Job offer | Dance against violence coordinator\"}]},{\"@type\":\"WebSite\",\"@id\":\"https:\\\/\\\/montrealdanse.com\\\/#website\",\"url\":\"https:\\\/\\\/montrealdanse.com\\\/\",\"name\":\"Montr\u00e9al Danse\",\"description\":\"Plateforme de d\u00e9veloppement chor\u00e9graphique\",\"publisher\":{\"@id\":\"https:\\\/\\\/montrealdanse.com\\\/#organization\"},\"potentialAction\":[{\"@type\":\"SearchAction\",\"target\":{\"@type\":\"EntryPoint\",\"urlTemplate\":\"https:\\\/\\\/montrealdanse.com\\\/?s={search_term_string}\"},\"query-input\":{\"@type\":\"PropertyValueSpecification\",\"valueRequired\":true,\"valueName\":\"search_term_string\"}}],\"inLanguage\":\"en-US\"},{\"@type\":\"Organization\",\"@id\":\"https:\\\/\\\/montrealdanse.com\\\/#organization\",\"name\":\"Montr\u00e9al Danse\",\"url\":\"https:\\\/\\\/montrealdanse.com\\\/\",\"logo\":{\"@type\":\"ImageObject\",\"inLanguage\":\"en-US\",\"@id\":\"https:\\\/\\\/montrealdanse.com\\\/#\\\/schema\\\/logo\\\/image\\\/\",\"url\":\"https:\\\/\\\/montrealdanse.com\\\/wp-content\\\/uploads\\\/2020\\\/06\\\/MTLdanse-logo-gris.png\",\"contentUrl\":\"https:\\\/\\\/montrealdanse.com\\\/wp-content\\\/uploads\\\/2020\\\/06\\\/MTLdanse-logo-gris.png\",\"width\":550,\"height\":617,\"caption\":\"Montr\u00e9al Danse\"},\"image\":{\"@id\":\"https:\\\/\\\/montrealdanse.com\\\/#\\\/schema\\\/logo\\\/image\\\/\"},\"sameAs\":[\"https:\\\/\\\/www.facebook.com\\\/montrealdanse\\\/\",\"https:\\\/\\\/www.youtube.com\\\/channel\\\/UChK7CVWngZK7unMUi_rALhg\"]}]}<\/script>\n<!-- \/ Yoast SEO plugin. -->","yoast_head_json":{"title":"Job offer | Dance against violence coordinator - Montr\u00e9al Danse","robots":{"index":"index","follow":"follow","max-snippet":"max-snippet:-1","max-image-preview":"max-image-preview:large","max-video-preview":"max-video-preview:-1"},"canonical":"https:\/\/montrealdanse.com\/en\/actualites-dcv\/job-offer-dcv-coordinator\/","og_locale":"en_US","og_type":"article","og_title":"Job offer | Dance against violence coordinator - Montr\u00e9al Danse","og_description":"Dance against violence works to promote the well-being of women and their children who are victims of various types of violence. Through movement workshops in shelters and women&#8217;s centers, DCV helps them reclaim their bodies, regain confidence, and break out of isolation, while fostering family ties where necessary. Working with the administrative and development department [&hellip;]","og_url":"https:\/\/montrealdanse.com\/en\/actualites-dcv\/job-offer-dcv-coordinator\/","og_site_name":"Montr\u00e9al Danse","article_publisher":"https:\/\/www.facebook.com\/montrealdanse\/","article_modified_time":"2025-09-22T16:10:05+00:00","og_image":[{"width":1200,"height":800,"url":"https:\/\/montrealdanse.com\/wp-content\/uploads\/2023\/09\/Site-web-OFFRE-DEMPLOI-DCV-1200-\u00d7-800-px.png","type":"image\/png"}],"twitter_card":"summary_large_image","twitter_misc":{"Est. reading time":"2 minutes"},"schema":{"@context":"https:\/\/schema.org","@graph":[{"@type":"WebPage","@id":"https:\/\/montrealdanse.com\/en\/actualites-dcv\/job-offer-dcv-coordinator\/","url":"https:\/\/montrealdanse.com\/en\/actualites-dcv\/job-offer-dcv-coordinator\/","name":"Job offer | Dance against violence coordinator - Montr\u00e9al Danse","isPartOf":{"@id":"https:\/\/montrealdanse.com\/#website"},"primaryImageOfPage":{"@id":"https:\/\/montrealdanse.com\/en\/actualites-dcv\/job-offer-dcv-coordinator\/#primaryimage"},"image":{"@id":"https:\/\/montrealdanse.com\/en\/actualites-dcv\/job-offer-dcv-coordinator\/#primaryimage"},"thumbnailUrl":"https:\/\/montrealdanse.com\/wp-content\/uploads\/2023\/09\/Site-web-OFFRE-DEMPLOI-DCV-1200-\u00d7-800-px.png","datePublished":"2025-08-25T14:50:25+00:00","dateModified":"2025-09-22T16:10:05+00:00","breadcrumb":{"@id":"https:\/\/montrealdanse.com\/en\/actualites-dcv\/job-offer-dcv-coordinator\/#breadcrumb"},"inLanguage":"en-US","potentialAction":[{"@type":"ReadAction","target":["https:\/\/montrealdanse.com\/en\/actualites-dcv\/job-offer-dcv-coordinator\/"]}]},{"@type":"ImageObject","inLanguage":"en-US","@id":"https:\/\/montrealdanse.com\/en\/actualites-dcv\/job-offer-dcv-coordinator\/#primaryimage","url":"https:\/\/montrealdanse.com\/wp-content\/uploads\/2023\/09\/Site-web-OFFRE-DEMPLOI-DCV-1200-\u00d7-800-px.png","contentUrl":"https:\/\/montrealdanse.com\/wp-content\/uploads\/2023\/09\/Site-web-OFFRE-DEMPLOI-DCV-1200-\u00d7-800-px.png","width":1200,"height":800},{"@type":"BreadcrumbList","@id":"https:\/\/montrealdanse.com\/en\/actualites-dcv\/job-offer-dcv-coordinator\/#breadcrumb","itemListElement":[{"@type":"ListItem","position":1,"name":"Accueil","item":"https:\/\/montrealdanse.com\/en\/"},{"@type":"ListItem","position":2,"name":"Job offer | Dance against violence coordinator"}]},{"@type":"WebSite","@id":"https:\/\/montrealdanse.com\/#website","url":"https:\/\/montrealdanse.com\/","name":"Montr\u00e9al Danse","description":"Plateforme de d\u00e9veloppement chor\u00e9graphique","publisher":{"@id":"https:\/\/montrealdanse.com\/#organization"},"potentialAction":[{"@type":"SearchAction","target":{"@type":"EntryPoint","urlTemplate":"https:\/\/montrealdanse.com\/?s={search_term_string}"},"query-input":{"@type":"PropertyValueSpecification","valueRequired":true,"valueName":"search_term_string"}}],"inLanguage":"en-US"},{"@type":"Organization","@id":"https:\/\/montrealdanse.com\/#organization","name":"Montr\u00e9al Danse","url":"https:\/\/montrealdanse.com\/","logo":{"@type":"ImageObject","inLanguage":"en-US","@id":"https:\/\/montrealdanse.com\/#\/schema\/logo\/image\/","url":"https:\/\/montrealdanse.com\/wp-content\/uploads\/2020\/06\/MTLdanse-logo-gris.png","contentUrl":"https:\/\/montrealdanse.com\/wp-content\/uploads\/2020\/06\/MTLdanse-logo-gris.png","width":550,"height":617,"caption":"Montr\u00e9al Danse"},"image":{"@id":"https:\/\/montrealdanse.com\/#\/schema\/logo\/image\/"},"sameAs":["https:\/\/www.facebook.com\/montrealdanse\/","https:\/\/www.youtube.com\/channel\/UChK7CVWngZK7unMUi_rALhg"]}]}},"_links":{"self":[{"href":"https:\/\/montrealdanse.com\/en\/wp-json\/wp\/v2\/actualites-dcv\/8780","targetHints":{"allow":["GET"]}}],"collection":[{"href":"https:\/\/montrealdanse.com\/en\/wp-json\/wp\/v2\/actualites-dcv"}],"about":[{"href":"https:\/\/montrealdanse.com\/en\/wp-json\/wp\/v2\/types\/actualites-dcv"}],"author":[{"embeddable":true,"href":"https:\/\/montrealdanse.com\/en\/wp-json\/wp\/v2\/users\/2"}],"version-history":[{"count":2,"href":"https:\/\/montrealdanse.com\/en\/wp-json\/wp\/v2\/actualites-dcv\/8780\/revisions"}],"predecessor-version":[{"id":8782,"href":"https:\/\/montrealdanse.com\/en\/wp-json\/wp\/v2\/actualites-dcv\/8780\/revisions\/8782"}],"wp:featuredmedia":[{"embeddable":true,"href":"https:\/\/montrealdanse.com\/en\/wp-json\/wp\/v2\/media\/5450"}],"wp:attachment":[{"href":"https:\/\/montrealdanse.com\/en\/wp-json\/wp\/v2\/media?parent=8780"}],"curies":[{"name":"wp","href":"https:\/\/api.w.org\/{rel}","templated":true}]}}