{"id":8775,"date":"2025-09-18T21:39:56","date_gmt":"2025-09-18T21:39:56","guid":{"rendered":"https:\/\/montrealdanse.com\/actualites-dcv\/dcv-la-rotonde\/"},"modified":"2025-10-15T21:14:41","modified_gmt":"2025-10-15T21:14:41","slug":"dcv-la-rotonde","status":"publish","type":"actualites-dcv","link":"https:\/\/montrealdanse.com\/en\/actualites-dcv\/dcv-la-rotonde\/","title":{"rendered":"Our workshops are setting up in Quebec City with La Rotonde!"},"content":{"rendered":"<p>The year 2024\u20132025 marks a real turning point for Dance Against Violence. After several years of developing its expertise in Montreal, the organization is now rolling out its workshops in Quebec City, thanks to a partnership with La Rotonde, a contemporary dance presenter known for its commitment to cultural mediation. This new phase is part of a clear goal: to share expertise, expand access to workshops beyond Montreal, and build a transferable model that can be adapted to the realities of different regions.<\/p>\n<p>To support this rollout, our facilitator Rachel Harris, a dance artist, traveled to Quebec City from May 4 to 6, 2025, for an intensive three-day training session, followed by Ang\u00e9lique Amyot, Marie-Chantale B\u00e9land, and Nelly Paquentin. During this immersion, the three dancers discovered DCV methods: they explored specific facilitation postures, familiarized themselves with detailed exercises accompanied by demonstrations, exchanged their thoughts and questions, and had the opportunity to participate in a workshop led by Rachel herself.<\/p>\n<figure id=\"attachment_8758\" aria-describedby=\"caption-attachment-8758\" style=\"width: 300px\" class=\"wp-caption alignleft\"><img fetchpriority=\"high\" decoding=\"async\" class=\"size-medium wp-image-8758\" src=\"https:\/\/montrealdanse.com\/wp-content\/uploads\/2025\/09\/rotonde111-300x200.jpg\" alt=\"\" width=\"300\" height=\"200\" srcset=\"https:\/\/montrealdanse.com\/wp-content\/uploads\/2025\/09\/rotonde111-300x200.jpg 300w, https:\/\/montrealdanse.com\/wp-content\/uploads\/2025\/09\/rotonde111-1024x681.jpg 1024w, https:\/\/montrealdanse.com\/wp-content\/uploads\/2025\/09\/rotonde111-768x511.jpg 768w, https:\/\/montrealdanse.com\/wp-content\/uploads\/2025\/09\/rotonde111.jpg 1200w\" sizes=\"(max-width: 300px) 100vw, 300px\" \/><figcaption id=\"caption-attachment-8758\" class=\"wp-caption-text\">Formation aux ateliers DCV \u00a9 Llamaryon<\/figcaption><\/figure>\n<p>&#8211;<img decoding=\"async\" class=\"size-medium wp-image-8762\" src=\"https:\/\/montrealdanse.com\/wp-content\/uploads\/2025\/09\/rotonde006-300x200.jpg\" alt=\"\" width=\"300\" height=\"200\" srcset=\"https:\/\/montrealdanse.com\/wp-content\/uploads\/2025\/09\/rotonde006-300x200.jpg 300w, https:\/\/montrealdanse.com\/wp-content\/uploads\/2025\/09\/rotonde006-1024x681.jpg 1024w, https:\/\/montrealdanse.com\/wp-content\/uploads\/2025\/09\/rotonde006-768x511.jpg 768w, https:\/\/montrealdanse.com\/wp-content\/uploads\/2025\/09\/rotonde006.jpg 1200w\" sizes=\"(max-width: 300px) 100vw, 300px\" \/><\/p>\n<p>&nbsp;<\/p>\n<p>Building on this experience, they then led the first workshops at three community organizations in Quebec City: the Centre des femmes de la Basse-Ville, the Maison H\u00e9l\u00e8ne-Lacroix, and the YWCA of Quebec City. Offered free of charge, these workshops are aimed at women who have experienced situations of great vulnerability: isolation, violence, and precariousness. The warm welcome from participants and the positive response from the intervention communities confirm the relevance of our approach: a space where the body can regain its rightful place, in a gentle and safe environment.<\/p>\n<p>A fine example of regional collaboration, where art and healthcare intertwine.<\/p>\n<p>For more information, visit the <a href=\"https:\/\/www.larotonde.qc.ca\/danse-contre-la-violence-quebec\/\">blog post<\/a> on the arrival of the DCV project in Quebec City.<\/p>\n","protected":false},"excerpt":{"rendered":"<p>The DCV training offered at La Rotonde in Quebec City marks a key step in spreading our approach and paving the way for new horizons.<\/p>\n","protected":false},"author":2,"featured_media":8757,"template":"","meta":{"_acf_changed":false,"site-sidebar-layout":"default","site-content-layout":"","ast-site-content-layout":"default","site-content-style":"default","site-sidebar-style":"default","ast-global-header-display":"","ast-banner-title-visibility":"","ast-main-header-display":"","ast-hfb-above-header-display":"","ast-hfb-below-header-display":"","ast-hfb-mobile-header-display":"","site-post-title":"","ast-breadcrumbs-content":"","ast-featured-img":"","footer-sml-layout":"","ast-disable-related-posts":"","theme-transparent-header-meta":"default","adv-header-id-meta":"","stick-header-meta":"","header-above-stick-meta":"","header-main-stick-meta":"","header-below-stick-meta":"","astra-migrate-meta-layouts":"set","ast-page-background-enabled":"default","ast-page-background-meta":{"desktop":{"background-color":"","background-image":"","background-repeat":"repeat","background-position":"center center","background-size":"auto","background-attachment":"scroll","background-type":"","background-media":"","overlay-type":"","overlay-color":"","overlay-opacity":"","overlay-gradient":""},"tablet":{"background-color":"","background-image":"","background-repeat":"repeat","background-position":"center center","background-size":"auto","background-attachment":"scroll","background-type":"","background-media":"","overlay-type":"","overlay-color":"","overlay-opacity":"","overlay-gradient":""},"mobile":{"background-color":"","background-image":"","background-repeat":"repeat","background-position":"center center","background-size":"auto","background-attachment":"scroll","background-type":"","background-media":"","overlay-type":"","overlay-color":"","overlay-opacity":"","overlay-gradient":""}},"ast-content-background-meta":{"desktop":{"background-color":"var(--ast-global-color-5)","background-image":"","background-repeat":"repeat","background-position":"center center","background-size":"auto","background-attachment":"scroll","background-type":"","background-media":"","overlay-type":"","overlay-color":"","overlay-opacity":"","overlay-gradient":""},"tablet":{"background-color":"var(--ast-global-color-5)","background-image":"","background-repeat":"repeat","background-position":"center center","background-size":"auto","background-attachment":"scroll","background-type":"","background-media":"","overlay-type":"","overlay-color":"","overlay-opacity":"","overlay-gradient":""},"mobile":{"background-color":"var(--ast-global-color-5)","background-image":"","background-repeat":"repeat","background-position":"center center","background-size":"auto","background-attachment":"scroll","background-type":"","background-media":"","overlay-type":"","overlay-color":"","overlay-opacity":"","overlay-gradient":""}},"footnotes":""},"class_list":["post-8775","actualites-dcv","type-actualites-dcv","status-publish","has-post-thumbnail","hentry"],"acf":[],"yoast_head":"<!-- This site is optimized with the Yoast SEO plugin v27.5 - https:\/\/yoast.com\/product\/yoast-seo-wordpress\/ -->\n<title>Our workshops are setting up in Quebec City with La Rotonde! - Montr\u00e9al Danse<\/title>\n<meta name=\"robots\" content=\"index, follow, max-snippet:-1, max-image-preview:large, max-video-preview:-1\" \/>\n<link rel=\"canonical\" href=\"https:\/\/montrealdanse.com\/en\/actualites-dcv\/dcv-la-rotonde\/\" \/>\n<meta property=\"og:locale\" content=\"en_US\" \/>\n<meta property=\"og:type\" content=\"article\" \/>\n<meta property=\"og:title\" content=\"Our workshops are setting up in Quebec City with La Rotonde! - Montr\u00e9al Danse\" \/>\n<meta property=\"og:description\" content=\"The DCV training offered at La Rotonde in Quebec City marks a key step in spreading our approach and paving the way for new horizons.\" \/>\n<meta property=\"og:url\" content=\"https:\/\/montrealdanse.com\/en\/actualites-dcv\/dcv-la-rotonde\/\" \/>\n<meta property=\"og:site_name\" content=\"Montr\u00e9al Danse\" \/>\n<meta property=\"article:publisher\" content=\"https:\/\/www.facebook.com\/montrealdanse\/\" \/>\n<meta property=\"article:modified_time\" content=\"2025-10-15T21:14:41+00:00\" \/>\n<meta property=\"og:image\" content=\"https:\/\/montrealdanse.com\/wp-content\/uploads\/2025\/09\/rotonde007.jpg\" \/>\n\t<meta property=\"og:image:width\" content=\"1200\" \/>\n\t<meta property=\"og:image:height\" content=\"798\" \/>\n\t<meta property=\"og:image:type\" content=\"image\/jpeg\" \/>\n<meta name=\"twitter:card\" content=\"summary_large_image\" \/>\n<meta name=\"twitter:label1\" content=\"Est. reading time\" \/>\n\t<meta name=\"twitter:data1\" content=\"3 minutes\" \/>\n<script type=\"application\/ld+json\" class=\"yoast-schema-graph\">{\"@context\":\"https:\\\/\\\/schema.org\",\"@graph\":[{\"@type\":\"WebPage\",\"@id\":\"https:\\\/\\\/montrealdanse.com\\\/en\\\/actualites-dcv\\\/dcv-la-rotonde\\\/\",\"url\":\"https:\\\/\\\/montrealdanse.com\\\/en\\\/actualites-dcv\\\/dcv-la-rotonde\\\/\",\"name\":\"Our workshops are setting up in Quebec City with La Rotonde! - Montr\u00e9al Danse\",\"isPartOf\":{\"@id\":\"https:\\\/\\\/montrealdanse.com\\\/#website\"},\"primaryImageOfPage\":{\"@id\":\"https:\\\/\\\/montrealdanse.com\\\/en\\\/actualites-dcv\\\/dcv-la-rotonde\\\/#primaryimage\"},\"image\":{\"@id\":\"https:\\\/\\\/montrealdanse.com\\\/en\\\/actualites-dcv\\\/dcv-la-rotonde\\\/#primaryimage\"},\"thumbnailUrl\":\"https:\\\/\\\/montrealdanse.com\\\/wp-content\\\/uploads\\\/2025\\\/09\\\/rotonde007.jpg\",\"datePublished\":\"2025-09-18T21:39:56+00:00\",\"dateModified\":\"2025-10-15T21:14:41+00:00\",\"breadcrumb\":{\"@id\":\"https:\\\/\\\/montrealdanse.com\\\/en\\\/actualites-dcv\\\/dcv-la-rotonde\\\/#breadcrumb\"},\"inLanguage\":\"en-US\",\"potentialAction\":[{\"@type\":\"ReadAction\",\"target\":[\"https:\\\/\\\/montrealdanse.com\\\/en\\\/actualites-dcv\\\/dcv-la-rotonde\\\/\"]}]},{\"@type\":\"ImageObject\",\"inLanguage\":\"en-US\",\"@id\":\"https:\\\/\\\/montrealdanse.com\\\/en\\\/actualites-dcv\\\/dcv-la-rotonde\\\/#primaryimage\",\"url\":\"https:\\\/\\\/montrealdanse.com\\\/wp-content\\\/uploads\\\/2025\\\/09\\\/rotonde007.jpg\",\"contentUrl\":\"https:\\\/\\\/montrealdanse.com\\\/wp-content\\\/uploads\\\/2025\\\/09\\\/rotonde007.jpg\",\"width\":1200,\"height\":798,\"caption\":\"\u00a9 Llamaryon\"},{\"@type\":\"BreadcrumbList\",\"@id\":\"https:\\\/\\\/montrealdanse.com\\\/en\\\/actualites-dcv\\\/dcv-la-rotonde\\\/#breadcrumb\",\"itemListElement\":[{\"@type\":\"ListItem\",\"position\":1,\"name\":\"Accueil\",\"item\":\"https:\\\/\\\/montrealdanse.com\\\/en\\\/\"},{\"@type\":\"ListItem\",\"position\":2,\"name\":\"Our workshops are setting up in Quebec City with La Rotonde!\"}]},{\"@type\":\"WebSite\",\"@id\":\"https:\\\/\\\/montrealdanse.com\\\/#website\",\"url\":\"https:\\\/\\\/montrealdanse.com\\\/\",\"name\":\"Montr\u00e9al Danse\",\"description\":\"Plateforme de d\u00e9veloppement chor\u00e9graphique\",\"publisher\":{\"@id\":\"https:\\\/\\\/montrealdanse.com\\\/#organization\"},\"potentialAction\":[{\"@type\":\"SearchAction\",\"target\":{\"@type\":\"EntryPoint\",\"urlTemplate\":\"https:\\\/\\\/montrealdanse.com\\\/?s={search_term_string}\"},\"query-input\":{\"@type\":\"PropertyValueSpecification\",\"valueRequired\":true,\"valueName\":\"search_term_string\"}}],\"inLanguage\":\"en-US\"},{\"@type\":\"Organization\",\"@id\":\"https:\\\/\\\/montrealdanse.com\\\/#organization\",\"name\":\"Montr\u00e9al Danse\",\"url\":\"https:\\\/\\\/montrealdanse.com\\\/\",\"logo\":{\"@type\":\"ImageObject\",\"inLanguage\":\"en-US\",\"@id\":\"https:\\\/\\\/montrealdanse.com\\\/#\\\/schema\\\/logo\\\/image\\\/\",\"url\":\"https:\\\/\\\/montrealdanse.com\\\/wp-content\\\/uploads\\\/2020\\\/06\\\/MTLdanse-logo-gris.png\",\"contentUrl\":\"https:\\\/\\\/montrealdanse.com\\\/wp-content\\\/uploads\\\/2020\\\/06\\\/MTLdanse-logo-gris.png\",\"width\":550,\"height\":617,\"caption\":\"Montr\u00e9al Danse\"},\"image\":{\"@id\":\"https:\\\/\\\/montrealdanse.com\\\/#\\\/schema\\\/logo\\\/image\\\/\"},\"sameAs\":[\"https:\\\/\\\/www.facebook.com\\\/montrealdanse\\\/\",\"https:\\\/\\\/www.youtube.com\\\/channel\\\/UChK7CVWngZK7unMUi_rALhg\"]}]}<\/script>\n<!-- \/ Yoast SEO plugin. -->","yoast_head_json":{"title":"Our workshops are setting up in Quebec City with La Rotonde! - Montr\u00e9al Danse","robots":{"index":"index","follow":"follow","max-snippet":"max-snippet:-1","max-image-preview":"max-image-preview:large","max-video-preview":"max-video-preview:-1"},"canonical":"https:\/\/montrealdanse.com\/en\/actualites-dcv\/dcv-la-rotonde\/","og_locale":"en_US","og_type":"article","og_title":"Our workshops are setting up in Quebec City with La Rotonde! - Montr\u00e9al Danse","og_description":"The DCV training offered at La Rotonde in Quebec City marks a key step in spreading our approach and paving the way for new horizons.","og_url":"https:\/\/montrealdanse.com\/en\/actualites-dcv\/dcv-la-rotonde\/","og_site_name":"Montr\u00e9al Danse","article_publisher":"https:\/\/www.facebook.com\/montrealdanse\/","article_modified_time":"2025-10-15T21:14:41+00:00","og_image":[{"width":1200,"height":798,"url":"https:\/\/montrealdanse.com\/wp-content\/uploads\/2025\/09\/rotonde007.jpg","type":"image\/jpeg"}],"twitter_card":"summary_large_image","twitter_misc":{"Est. reading time":"3 minutes"},"schema":{"@context":"https:\/\/schema.org","@graph":[{"@type":"WebPage","@id":"https:\/\/montrealdanse.com\/en\/actualites-dcv\/dcv-la-rotonde\/","url":"https:\/\/montrealdanse.com\/en\/actualites-dcv\/dcv-la-rotonde\/","name":"Our workshops are setting up in Quebec City with La Rotonde! - Montr\u00e9al Danse","isPartOf":{"@id":"https:\/\/montrealdanse.com\/#website"},"primaryImageOfPage":{"@id":"https:\/\/montrealdanse.com\/en\/actualites-dcv\/dcv-la-rotonde\/#primaryimage"},"image":{"@id":"https:\/\/montrealdanse.com\/en\/actualites-dcv\/dcv-la-rotonde\/#primaryimage"},"thumbnailUrl":"https:\/\/montrealdanse.com\/wp-content\/uploads\/2025\/09\/rotonde007.jpg","datePublished":"2025-09-18T21:39:56+00:00","dateModified":"2025-10-15T21:14:41+00:00","breadcrumb":{"@id":"https:\/\/montrealdanse.com\/en\/actualites-dcv\/dcv-la-rotonde\/#breadcrumb"},"inLanguage":"en-US","potentialAction":[{"@type":"ReadAction","target":["https:\/\/montrealdanse.com\/en\/actualites-dcv\/dcv-la-rotonde\/"]}]},{"@type":"ImageObject","inLanguage":"en-US","@id":"https:\/\/montrealdanse.com\/en\/actualites-dcv\/dcv-la-rotonde\/#primaryimage","url":"https:\/\/montrealdanse.com\/wp-content\/uploads\/2025\/09\/rotonde007.jpg","contentUrl":"https:\/\/montrealdanse.com\/wp-content\/uploads\/2025\/09\/rotonde007.jpg","width":1200,"height":798,"caption":"\u00a9 Llamaryon"},{"@type":"BreadcrumbList","@id":"https:\/\/montrealdanse.com\/en\/actualites-dcv\/dcv-la-rotonde\/#breadcrumb","itemListElement":[{"@type":"ListItem","position":1,"name":"Accueil","item":"https:\/\/montrealdanse.com\/en\/"},{"@type":"ListItem","position":2,"name":"Our workshops are setting up in Quebec City with La Rotonde!"}]},{"@type":"WebSite","@id":"https:\/\/montrealdanse.com\/#website","url":"https:\/\/montrealdanse.com\/","name":"Montr\u00e9al Danse","description":"Plateforme de d\u00e9veloppement chor\u00e9graphique","publisher":{"@id":"https:\/\/montrealdanse.com\/#organization"},"potentialAction":[{"@type":"SearchAction","target":{"@type":"EntryPoint","urlTemplate":"https:\/\/montrealdanse.com\/?s={search_term_string}"},"query-input":{"@type":"PropertyValueSpecification","valueRequired":true,"valueName":"search_term_string"}}],"inLanguage":"en-US"},{"@type":"Organization","@id":"https:\/\/montrealdanse.com\/#organization","name":"Montr\u00e9al Danse","url":"https:\/\/montrealdanse.com\/","logo":{"@type":"ImageObject","inLanguage":"en-US","@id":"https:\/\/montrealdanse.com\/#\/schema\/logo\/image\/","url":"https:\/\/montrealdanse.com\/wp-content\/uploads\/2020\/06\/MTLdanse-logo-gris.png","contentUrl":"https:\/\/montrealdanse.com\/wp-content\/uploads\/2020\/06\/MTLdanse-logo-gris.png","width":550,"height":617,"caption":"Montr\u00e9al Danse"},"image":{"@id":"https:\/\/montrealdanse.com\/#\/schema\/logo\/image\/"},"sameAs":["https:\/\/www.facebook.com\/montrealdanse\/","https:\/\/www.youtube.com\/channel\/UChK7CVWngZK7unMUi_rALhg"]}]}},"_links":{"self":[{"href":"https:\/\/montrealdanse.com\/en\/wp-json\/wp\/v2\/actualites-dcv\/8775","targetHints":{"allow":["GET"]}}],"collection":[{"href":"https:\/\/montrealdanse.com\/en\/wp-json\/wp\/v2\/actualites-dcv"}],"about":[{"href":"https:\/\/montrealdanse.com\/en\/wp-json\/wp\/v2\/types\/actualites-dcv"}],"author":[{"embeddable":true,"href":"https:\/\/montrealdanse.com\/en\/wp-json\/wp\/v2\/users\/2"}],"version-history":[{"count":2,"href":"https:\/\/montrealdanse.com\/en\/wp-json\/wp\/v2\/actualites-dcv\/8775\/revisions"}],"predecessor-version":[{"id":8850,"href":"https:\/\/montrealdanse.com\/en\/wp-json\/wp\/v2\/actualites-dcv\/8775\/revisions\/8850"}],"wp:featuredmedia":[{"embeddable":true,"href":"https:\/\/montrealdanse.com\/en\/wp-json\/wp\/v2\/media\/8757"}],"wp:attachment":[{"href":"https:\/\/montrealdanse.com\/en\/wp-json\/wp\/v2\/media?parent=8775"}],"curies":[{"name":"wp","href":"https:\/\/api.w.org\/{rel}","templated":true}]}}